{"id":1392,"date":"2024-12-16T08:49:24","date_gmt":"2024-12-16T08:49:24","guid":{"rendered":"https:\/\/enfocat-terapiavisual.com\/cat\/?p=1392"},"modified":"2024-12-16T08:49:25","modified_gmt":"2024-12-16T08:49:25","slug":"la-importancia-de-la-visio-en-el-desenvolupament-infantil","status":"publish","type":"post","link":"https:\/\/enfocat-terapiavisual.com\/cat\/la-importancia-de-la-visio-en-el-desenvolupament-infantil\/","title":{"rendered":"La import\u00e0ncia de la visi\u00f3 en el desenvolupament infantil"},"content":{"rendered":"\n<p>La visi\u00f3 \u00e9s una pedra angular en el desenvolupament infantil. M\u00e9s enll\u00e0 de simplement \u201cveure b\u00e9 la pissarra\u201d, el sistema visual est\u00e0 profundament connectat amb habilitats essencials per al nen com s\u00f3n l&#8217;aprenentatge, la coordinaci\u00f3 motriu o, fins i tot, la interacci\u00f3 social. A <strong>Enfoca\u2019t Ter\u00e0pia Visual<\/strong> ajudem els nens a assolir el seu m\u00e0xim potencial visual i, amb aix\u00f2, crear una bona base per al seu desenvolupament global.<\/p>\n\n\n\n<div style=\"height:30px\" aria-hidden=\"true\" class=\"wp-block-spacer\"><\/div>\n\n\n\n<h2 class=\"wp-block-heading\"><strong>M\u00e9s enll\u00e0 de l\u2019agudesa visual<\/strong><\/h2>\n\n\n\n<p>Molts pares tendeixen a associar la salut visual \u00fanicament amb una bona agudesa visual, \u00e9s a dir, la capacitat de veure amb claredat objectes llunyans, com la pissarra a l\u2019aula. No obstant aix\u00f2, nom\u00e9s \u00e9s una part del complex sistema visual. La visi\u00f3 \u00e9s molt m\u00e9s: com treballen conjuntament els ulls, com es coordinen i es mouen, i com el cervell interpreta la informaci\u00f3 que reben. Si algun d\u2019aquests aspectes no funciona correctament, pot afectar a les activitats di\u00e0ries del nen, com llegir, escriure, jugar o interactuar amb el seu entorn.<\/p>\n\n\n\n<p>El 80% de la informaci\u00f3 que els nens reben es a trav\u00e9s de la visi\u00f3. Per aix\u00f2, qualsevol problema visual pot interferir en la seva capacitat d\u2019aprendre i rendiment acad\u00e8mic.<\/p>\n\n\n\n<p>Un sistema visual que no s\u2019ha desenvolupat plenament pot donar lloc a problemes que, en moltes ocasions, passen desapercebuts. Per exemple, un nen que es desconcentra quan llegeix podria estar afrontant dificultats per mantenir el focus o moviments oculars ineficients, i no necess\u00e0riament falta d\u2019inter\u00e8s o motivaci\u00f3 per la lectura.<\/p>\n\n\n\n<div style=\"height:30px\" aria-hidden=\"true\" class=\"wp-block-spacer\"><\/div>\n\n\n\n<h2 class=\"wp-block-heading\"><strong>Visi\u00f3 i desenvolupament motriu<\/strong><\/h2>\n\n\n\n<p>Com avan\u00e7\u00e0vem abans, la visi\u00f3 tamb\u00e9 est\u00e0 estretament relacionada amb el desenvolupament motriu, la coordinaci\u00f3 entre l\u2019ull i la m\u00e0, l\u2019equilibri i les habilitats motrius fines. Aquestes habilitats depenen d\u2019un sistema visual ben desenvolupat. Quan els ulls no funcionen de la manera adequada, podem veure nens que mostren poca destresa, que s\u00f3n maldestres als jocs f\u00edsics o que directament eviten fer activitats que requereixen precisi\u00f3. Aix\u00f2 no nom\u00e9s pot limitar el seu desenvolupament f\u00edsic, sin\u00f3 tamb\u00e9 minvar la seva confian\u00e7a i, per tant, afectar les seves relacions socials.<\/p>\n\n\n\n<div style=\"height:30px\" aria-hidden=\"true\" class=\"wp-block-spacer\"><\/div>\n\n\n\n<h2 class=\"wp-block-heading\"><strong>La ter\u00e0pia visual \u00e9s una soluci\u00f3<\/strong><\/h2>\n\n\n\n<p>La ter\u00e0pia visual treballa sobre l\u2019arrel del problema. Mitjan\u00e7ant exercicis espec\u00edfics i din\u00e0mics ajudem els nens a millorar les seves habilitats visuals, cosa que repercuteix positivament en tot el seu entorn. Detectar i tractar a temps qualsevol dificultat visual pot marcar una gran difer\u00e8ncia en el seu creixement i benestar. Quan les habilitats visuals es reforcen, els petits se senten m\u00e9s segurs, motivats i preparats per afrontar els reptes del dia a dia, tant a l\u2019aula com a casa.<\/p>\n\n\n\n<div style=\"height:30px\" aria-hidden=\"true\" class=\"wp-block-spacer\"><\/div>\n\n\n\n<p>A <strong>Enfoca\u2019t Ter\u00e0pia Visual<\/strong> estem acostumats a treballar amb nens. Creem un entorn acollidor i motivador on els nens no nom\u00e9s superen les seves dificultats visuals, sin\u00f3 que tamb\u00e9 gaudeixen del proc\u00e9s. Si vols m\u00e9s informaci\u00f3, pots trucar-nos al 673 04 83 14. Ens trobar\u00e0s a C\/ de Vilamar\u00ed, 26, L\u2019Eixample, 08015, Barcelona.<\/p>\n","protected":false},"excerpt":{"rendered":"<p>La visi\u00f3 \u00e9s una pedra angular en el desenvolupament infantil. M\u00e9s enll\u00e0 de simplement \u201cveure b\u00e9 la pissarra\u201d, el sistema visual est\u00e0 profundament connectat amb habilitats essencials per al nen com s\u00f3n l&#8217;aprenentatge, la coordinaci\u00f3 motriu o, fins i tot, la interacci\u00f3 social. A Enfoca\u2019t Ter\u00e0pia Visual ajudem els nens a assolir el seu m\u00e0xim [&hellip;]<\/p>\n","protected":false},"author":2,"featured_media":1393,"comment_status":"closed","ping_status":"open","sticky":false,"template":"","format":"standard","meta":{"inline_featured_image":false,"editor_notices":[],"_joinchat":[],"footnotes":""},"categories":[13],"tags":[],"class_list":["post-1392","post","type-post","status-publish","format-standard","has-post-thumbnail","hentry","category-terapia-infantil"],"_links":{"self":[{"href":"https:\/\/enfocat-terapiavisual.com\/cat\/wp-json\/wp\/v2\/posts\/1392","targetHints":{"allow":["GET"]}}],"collection":[{"href":"https:\/\/enfocat-terapiavisual.com\/cat\/wp-json\/wp\/v2\/posts"}],"about":[{"href":"https:\/\/enfocat-terapiavisual.com\/cat\/wp-json\/wp\/v2\/types\/post"}],"author":[{"embeddable":true,"href":"https:\/\/enfocat-terapiavisual.com\/cat\/wp-json\/wp\/v2\/users\/2"}],"replies":[{"embeddable":true,"href":"https:\/\/enfocat-terapiavisual.com\/cat\/wp-json\/wp\/v2\/comments?post=1392"}],"version-history":[{"count":1,"href":"https:\/\/enfocat-terapiavisual.com\/cat\/wp-json\/wp\/v2\/posts\/1392\/revisions"}],"predecessor-version":[{"id":1394,"href":"https:\/\/enfocat-terapiavisual.com\/cat\/wp-json\/wp\/v2\/posts\/1392\/revisions\/1394"}],"wp:featuredmedia":[{"embeddable":true,"href":"https:\/\/enfocat-terapiavisual.com\/cat\/wp-json\/wp\/v2\/media\/1393"}],"wp:attachment":[{"href":"https:\/\/enfocat-terapiavisual.com\/cat\/wp-json\/wp\/v2\/media?parent=1392"}],"wp:term":[{"taxonomy":"category","embeddable":true,"href":"https:\/\/enfocat-terapiavisual.com\/cat\/wp-json\/wp\/v2\/categories?post=1392"},{"taxonomy":"post_tag","embeddable":true,"href":"https:\/\/enfocat-terapiavisual.com\/cat\/wp-json\/wp\/v2\/tags?post=1392"}],"curies":[{"name":"wp","href":"https:\/\/api.w.org\/{rel}","templated":true}]}}