{"id":1428,"date":"2025-04-16T09:48:15","date_gmt":"2025-04-16T09:48:15","guid":{"rendered":"https:\/\/enfocat-terapiavisual.com\/cat\/?p=1428"},"modified":"2025-04-16T09:48:18","modified_gmt":"2025-04-16T09:48:18","slug":"la-importancia-de-la-convergencia-visual","status":"publish","type":"post","link":"https:\/\/enfocat-terapiavisual.com\/cat\/la-importancia-de-la-convergencia-visual\/","title":{"rendered":"La import\u00e0ncia de la converg\u00e8ncia visual"},"content":{"rendered":"\n<div style=\"height:31px\" aria-hidden=\"true\" class=\"wp-block-spacer\"><\/div>\n\n\n\n<p>T\u2019has sentit mai com si els teus ulls no estiguessin sincronitzats? Que llegir et cansa o que enfocar de prop es torna una missi\u00f3 impossible? La clau podria estar en un proc\u00e9s anomenat <strong>converg\u00e8ncia visual<\/strong>. Encara que soni t\u00e8cnic, \u00e9s un proc\u00e9s essencial per veure b\u00e9, llegir c\u00f2modament i gaudir d\u2019una bona qualitat de vida.<\/p>\n\n\n\n<p>A <strong>Enfoca\u2019t<\/strong>, el teu centre de ter\u00e0pia visual a Barcelona, sabem com d\u2019important \u00e9s que els teus ulls treballin en harmonia. Avui volem explicar-te qu\u00e8 \u00e9s la converg\u00e8ncia visual, per qu\u00e8 \u00e9s tan important i com podem ajudar-te si alguna cosa no funciona del tot b\u00e9.<\/p>\n\n\n\n<div style=\"height:31px\" aria-hidden=\"true\" class=\"wp-block-spacer\"><\/div>\n\n\n\n<h2 class=\"wp-block-heading\"><strong><span style=\"text-decoration: underline;\">Qu\u00e8 \u00e9s la converg\u00e8ncia visual?<\/span><\/strong><\/h2>\n\n\n\n<div style=\"height:31px\" aria-hidden=\"true\" class=\"wp-block-spacer\"><\/div>\n\n\n\n<p>Imagina que agafes un llapis i l\u2019acostes a poc a poc al teu nas. Per seguir-lo amb la mirada i mantenir-lo enfocat, els teus ulls han de girar cap endins, apuntant tots dos al mateix punt. Aquest moviment coordinat \u00e9s el que anomenem <strong>converg\u00e8ncia visual<\/strong>.<\/p>\n\n\n\n<p>Pensa en els teus ulls com en una parella de ball sincronitzada. Si un es desvia, la coreografia es desquadra. El mateix passa quan la converg\u00e8ncia falla: el cervell rep imatges diferents de cada ull, cosa que pot provocar mol\u00e8sties i fins i tot impedir que vegis amb claredat.<\/p>\n\n\n\n<div style=\"height:31px\" aria-hidden=\"true\" class=\"wp-block-spacer\"><\/div>\n\n\n\n<div class=\"wp-block-group is-nowrap is-layout-flex wp-container-core-group-is-layout-6c531013 wp-block-group-is-layout-flex\">\n<h2 class=\"wp-block-heading\"><strong><span style=\"text-decoration: underline;\">Per qu\u00e8 \u00e9s tan important que els teus ulls treballin en equip?<\/span><\/strong><\/h2>\n<\/div>\n\n\n\n<div style=\"height:31px\" aria-hidden=\"true\" class=\"wp-block-spacer\"><\/div>\n\n\n\n<p>Una bona converg\u00e8ncia visual \u00e9s clau en moltes activitats quotidianes:<\/p>\n\n\n\n<p>*<strong><span style=\"text-decoration: underline;\">Lectura sense esfor\u00e7<br><\/span><\/strong> Quan llegeixes, els teus ulls s\u2019han de moure de forma coordinada l\u00ednia rere l\u00ednia. Si la converg\u00e8ncia falla, pots perdre\u2019t, saltar paraules o sentir-te cansat despr\u00e9s de pocs minuts de lectura.<\/p>\n\n\n\n<p>*<strong><span style=\"text-decoration: underline;\">\u00das de l\u2019ordinador<\/span><br><\/strong> Passar diverses hores davant de la pantalla exigeix un enfoc continu. Si els teus ulls no convergeixen b\u00e9, podries acabar el dia amb mals de cap, fatiga visual o fins i tot visi\u00f3 doble.<\/p>\n\n\n\n<p>*<strong><span style=\"text-decoration: underline;\">Esports i activitats a l\u2019aire lliure<br><\/span><\/strong> Per seguir una pilota, calcular dist\u00e0ncies o moure\u2019t amb agilitat, necessites una bona percepci\u00f3 de profunditat. Una converg\u00e8ncia visual adequada permet que els teus ulls treballin junts en temps real.<\/p>\n\n\n\n<p>*<strong><span style=\"text-decoration: underline;\">Feines manuals<br><\/span><\/strong> Des de muntar un moble fins a fer manualitats, enfocar objectes propers amb precisi\u00f3 requereix una bona coordinaci\u00f3 ocular.<\/p>\n\n\n\n<p>*<strong><span style=\"text-decoration: underline;\">Confort visual general<br><\/span><\/strong> Quan els teus ulls convergeixen correctament, treballen amb menys esfor\u00e7. I aix\u00f2 es tradueix en una visi\u00f3 m\u00e9s clara, estable i relaxada durant tot el dia.<\/p>\n\n\n\n<div style=\"height:31px\" aria-hidden=\"true\" class=\"wp-block-spacer\"><\/div>\n\n\n\n<h2 class=\"wp-block-heading\"><strong><span style=\"text-decoration: underline;\">Qu\u00e8 passa quan la converg\u00e8ncia no funciona b\u00e9?<\/span><\/strong><\/h2>\n\n\n\n<div style=\"height:31px\" aria-hidden=\"true\" class=\"wp-block-spacer\"><\/div>\n\n\n\n<p>Quan hi ha una disfunci\u00f3 en la converg\u00e8ncia visual, pots notar diversos s\u00edmptomes, especialment quan fas tasques de prop:<\/p>\n\n\n\n<ul class=\"wp-block-list\">\n<li>Visi\u00f3 borrosa o doble.<br><\/li>\n\n\n\n<li>Mals de cap freq\u00fcents.<br><\/li>\n\n\n\n<li>Fatiga visual.<br><\/li>\n\n\n\n<li>Necessitat de tancar o tapar un ull per veure millor.<br><\/li>\n\n\n\n<li>Marejos, inestabilitat o problemes per calcular dist\u00e0ncies.<br><\/li>\n\n\n\n<li>Paraules que \u201cballen\u201d o es mouen mentre llegeixes.<br><\/li>\n<\/ul>\n\n\n\n<p>Si experimentes algun d\u2019aquests signes, \u00e9s possible que el teu sistema visual estigui demanant ajuda.<\/p>\n\n\n\n<div style=\"height:31px\" aria-hidden=\"true\" class=\"wp-block-spacer\"><\/div>\n\n\n\n<h2 class=\"wp-block-heading\"><strong><span style=\"text-decoration: underline;\">Com t\u2019ajudem a Enfoca\u2019t?<\/span><\/strong><\/h2>\n\n\n\n<div style=\"height:31px\" aria-hidden=\"true\" class=\"wp-block-spacer\"><\/div>\n\n\n\n<p>A <strong>Enfoca\u2019t<\/strong>, cada cas es tracta de manera individual. El primer que fem \u00e9s una <strong>avaluaci\u00f3 visual completa<\/strong>, on analitzem si els teus ulls treballen en equip. Si detectem un problema de converg\u00e8ncia, dissenyem un <strong>pla de ter\u00e0pia visual personalitzat<\/strong>.<\/p>\n\n\n\n<p>Aquest programa inclou exercicis espec\u00edfics, tant a consulta com per fer a casa, que ajuden a enfortir els m\u00fasculs oculars i millorar la coordinaci\u00f3 entre tots dos ulls.<\/p>\n\n\n\n<p class=\"has-black-color has-text-color has-link-color wp-elements-d2e438ce17159a116c0cc859e3f2077c\">A <strong>Enfoca\u2019t<\/strong>, estem aqu\u00ed per ajudar-te a recuperar una visi\u00f3 c\u00f2moda, clara i funcional. <a href=\"https:\/\/enfocat-terapiavisual.com\/cat\/contacto\/\">Demana la teva cita<\/a> i fes el primer pas cap a una millor qualitat visual.<\/p>\n\n\n\n<div style=\"height:31px\" aria-hidden=\"true\" class=\"wp-block-spacer\"><\/div>\n\n\n\n<p><\/p>\n","protected":false},"excerpt":{"rendered":"<p>T\u2019has sentit mai com si els teus ulls no estiguessin sincronitzats? Que llegir et cansa o que enfocar de prop es torna una missi\u00f3 impossible? La clau podria estar en un proc\u00e9s anomenat converg\u00e8ncia visual. Encara que soni t\u00e8cnic, \u00e9s un proc\u00e9s essencial per veure b\u00e9, llegir c\u00f2modament i gaudir d\u2019una bona qualitat de vida. [&hellip;]<\/p>\n","protected":false},"author":2,"featured_media":1429,"comment_status":"closed","ping_status":"open","sticky":false,"template":"","format":"standard","meta":{"inline_featured_image":false,"editor_notices":[],"_joinchat":[],"footnotes":""},"categories":[19],"tags":[],"class_list":["post-1428","post","type-post","status-publish","format-standard","has-post-thumbnail","hentry","category-salud-visual"],"_links":{"self":[{"href":"https:\/\/enfocat-terapiavisual.com\/cat\/wp-json\/wp\/v2\/posts\/1428","targetHints":{"allow":["GET"]}}],"collection":[{"href":"https:\/\/enfocat-terapiavisual.com\/cat\/wp-json\/wp\/v2\/posts"}],"about":[{"href":"https:\/\/enfocat-terapiavisual.com\/cat\/wp-json\/wp\/v2\/types\/post"}],"author":[{"embeddable":true,"href":"https:\/\/enfocat-terapiavisual.com\/cat\/wp-json\/wp\/v2\/users\/2"}],"replies":[{"embeddable":true,"href":"https:\/\/enfocat-terapiavisual.com\/cat\/wp-json\/wp\/v2\/comments?post=1428"}],"version-history":[{"count":1,"href":"https:\/\/enfocat-terapiavisual.com\/cat\/wp-json\/wp\/v2\/posts\/1428\/revisions"}],"predecessor-version":[{"id":1430,"href":"https:\/\/enfocat-terapiavisual.com\/cat\/wp-json\/wp\/v2\/posts\/1428\/revisions\/1430"}],"wp:featuredmedia":[{"embeddable":true,"href":"https:\/\/enfocat-terapiavisual.com\/cat\/wp-json\/wp\/v2\/media\/1429"}],"wp:attachment":[{"href":"https:\/\/enfocat-terapiavisual.com\/cat\/wp-json\/wp\/v2\/media?parent=1428"}],"wp:term":[{"taxonomy":"category","embeddable":true,"href":"https:\/\/enfocat-terapiavisual.com\/cat\/wp-json\/wp\/v2\/categories?post=1428"},{"taxonomy":"post_tag","embeddable":true,"href":"https:\/\/enfocat-terapiavisual.com\/cat\/wp-json\/wp\/v2\/tags?post=1428"}],"curies":[{"name":"wp","href":"https:\/\/api.w.org\/{rel}","templated":true}]}}