{"id":1436,"date":"2025-05-13T09:50:09","date_gmt":"2025-05-13T09:50:09","guid":{"rendered":"https:\/\/enfocat-terapiavisual.com\/cat\/?p=1436"},"modified":"2025-05-13T09:50:11","modified_gmt":"2025-05-13T09:50:11","slug":"coordinacio-ull-ma-i-aprenentatge-clau-en-el-desenvolupament-infantil","status":"publish","type":"post","link":"https:\/\/enfocat-terapiavisual.com\/cat\/coordinacio-ull-ma-i-aprenentatge-clau-en-el-desenvolupament-infantil\/","title":{"rendered":"Coordinaci\u00f3 ull-m\u00e0 i aprenentatge: clau en el desenvolupament infantil"},"content":{"rendered":"\n<div style=\"height:30px\" aria-hidden=\"true\" class=\"wp-block-spacer\"><\/div>\n\n\n\n<p>La coordinaci\u00f3 ull-m\u00e0, tamb\u00e9 coneguda com a coordinaci\u00f3 visomotriu, \u00e9s la capacitat que tenim de guiar els moviments de les nostres mans en funci\u00f3 del que veiem. \u00c9s una habilitat fonamental en el desenvolupament infantil i juga un paper determinant en tasques escolars tan quotidianes com escriure, llegir o participar en activitats f\u00edsiques.<br>Encara que sovint passa desapercebuda, el seu desenvolupament correcte pot marcar una gran difer\u00e8ncia en el rendiment acad\u00e8mic i la seguretat personal del nen.<\/p>\n\n\n\n<div style=\"height:30px\" aria-hidden=\"true\" class=\"wp-block-spacer\"><\/div>\n\n\n\n<h2 class=\"wp-block-heading\"><strong><span style=\"text-decoration: underline;\">Qu\u00e8 \u00e9s exactament la coordinaci\u00f3 ull-m\u00e0?<\/span><\/strong><\/h2>\n\n\n\n<div style=\"height:30px\" aria-hidden=\"true\" class=\"wp-block-spacer\"><\/div>\n\n\n\n<p> \u00c9s la connexi\u00f3 entre el sistema visual i el motor. \u00c9s a dir, la capacitat del cervell per integrar all\u00f2 que perceben els ulls amb les accions que realitzen les mans. Activitats tan habituals com copiar de la pissarra, retallar amb tisores, cordar-se una jaqueta o llan\u00e7ar una pilota depenen d\u2019aquesta habilitat.<\/p>\n\n\n\n<div style=\"height:30px\" aria-hidden=\"true\" class=\"wp-block-spacer\"><\/div>\n\n\n\n<h2 class=\"wp-block-heading\"><strong><span style=\"text-decoration: underline;\">Per qu\u00e8 \u00e9s tan important en l\u2019aprenentatge?<\/span><\/strong><\/h2>\n\n\n\n<div style=\"height:30px\" aria-hidden=\"true\" class=\"wp-block-spacer\"><\/div>\n\n\n\n<p>&nbsp;Quan la coordinaci\u00f3 visomotriu no est\u00e0 ben desenvolupada, el nen pot experimentar dificultats que afecten directament el seu rendiment a l\u2019aula. Alguns signes freq\u00fcents s\u00f3n:<\/p>\n\n\n\n<ul class=\"wp-block-list\">\n<li>Escriptura lenta, poc llegible o desorganitzada<\/li>\n\n\n\n<li>Dificultat per copiar correctament de la pissarra<\/li>\n\n\n\n<li>Problemes per mantenir marges, alinear paraules o controlar la mida de la lletra<\/li>\n\n\n\n<li>Baix rendiment en educaci\u00f3 f\u00edsica o jocs de moviment<\/li>\n\n\n\n<li>Mancan\u00e7a d\u2019habilitat en l\u2019\u00fas de tisores, regles o eines escolars<\/li>\n\n\n\n<li>Frustraci\u00f3 o manca de motivaci\u00f3 davant tasques que exigeixen precisi\u00f3<br><\/li>\n<\/ul>\n\n\n\n<p>Aquestes dificultats, mal interpretades, poden confondre\u2019s amb falta d\u2019atenci\u00f3, desinter\u00e8s o fins i tot mandra, quan en realitat estan relacionades amb una manca d\u2019integraci\u00f3 entre la vista i el moviment.<\/p>\n\n\n\n<div style=\"height:30px\" aria-hidden=\"true\" class=\"wp-block-spacer\"><\/div>\n\n\n\n<h2 class=\"wp-block-heading\"><strong><span style=\"text-decoration: underline;\">Principals causes d\u2019una coordinaci\u00f3 visomotriu deficient<\/span><\/strong><\/h2>\n\n\n\n<div style=\"height:30px\" aria-hidden=\"true\" class=\"wp-block-spacer\"><\/div>\n\n\n\n<p><strong><br><\/strong> Hi ha diversos factors que poden interferir en el desenvolupament d\u2019aquesta habilitat:<\/p>\n\n\n\n<ul class=\"wp-block-list\">\n<li>Retards en el desenvolupament motor general<\/li>\n\n\n\n<li>Problemes visuals no detectats (com mala coordinaci\u00f3 binocular o enfocament)<\/li>\n\n\n\n<li>Manca d\u2019experi\u00e8ncies que estimulin la motricitat fina i la coordinaci\u00f3<\/li>\n\n\n\n<li>Exc\u00e9s de temps davant de pantalles, que limita la manipulaci\u00f3 activa de l\u2019entorn<\/li>\n\n\n\n<li>Alteracions en la lateralitat o en la percepci\u00f3 espacial<br><\/li>\n<\/ul>\n\n\n\n<p>Detectar a temps aquests factors \u00e9s clau per prevenir problemes m\u00e9s greus en el futur.<\/p>\n\n\n\n<div style=\"height:30px\" aria-hidden=\"true\" class=\"wp-block-spacer\"><\/div>\n\n\n\n<h2 class=\"wp-block-heading\"><strong><span style=\"text-decoration: underline;\">Com es pot millorar la coordinaci\u00f3 ull-m\u00e0?<\/span><\/strong><\/h2>\n\n\n\n<div style=\"height:30px\" aria-hidden=\"true\" class=\"wp-block-spacer\"><\/div>\n\n\n\n<p><strong><br><\/strong> La bona not\u00edcia \u00e9s que aquesta habilitat es pot entrenar i millorar a trav\u00e9s de jocs, activitats dirigides i estimulaci\u00f3 visomotriu. Algunes propostes efectives inclouen:<\/p>\n\n\n\n<ul class=\"wp-block-list\">\n<li>Jocs de construcci\u00f3 (blocs, encaixos, LEGO)<\/li>\n\n\n\n<li>Activitats de dibuix, pintat i exercicis de grafomotricitat<\/li>\n\n\n\n<li>Retallar, estripar paper o fer manualitats amb precisi\u00f3<\/li>\n\n\n\n<li>Jocs amb pilota adaptats a l\u2019edat i la coordinaci\u00f3<\/li>\n\n\n\n<li>Jocs de taula amb peces petites, que exigeixin control i precisi\u00f3<\/li>\n\n\n\n<li>Tocar instruments musicals senzills<br><\/li>\n<\/ul>\n\n\n\n<p>Aquestes activitats no nom\u00e9s enforteixen la coordinaci\u00f3 ull-m\u00e0, sin\u00f3 que tamb\u00e9 afavoreixen altres habilitats com la concentraci\u00f3, la planificaci\u00f3 i la percepci\u00f3 espacial.<\/p>\n\n\n\n<div style=\"height:30px\" aria-hidden=\"true\" class=\"wp-block-spacer\"><\/div>\n\n\n\n<h2 class=\"wp-block-heading\"><strong><span style=\"text-decoration: underline;\">I si les dificultats persisteixen?<\/span><\/strong><\/h2>\n\n\n\n<div style=\"height:30px\" aria-hidden=\"true\" class=\"wp-block-spacer\"><\/div>\n\n\n\n<p><strong><br><\/strong> Si malgrat la pr\u00e0ctica i l\u2019estimulaci\u00f3 el nen continua mostrant dificultats importants en tasques que requereixen precisi\u00f3, pot ser necessari realitzar una avaluaci\u00f3 visual funcional.<br>A Enfoca\u2019t, fem valoracions completes que no nom\u00e9s analitzen l\u2019agudesa visual, sin\u00f3 tamb\u00e9 les habilitats visuals implicades en l\u2019aprenentatge, com la coordinaci\u00f3 visomotriu.<\/p>\n\n\n\n<div style=\"height:30px\" aria-hidden=\"true\" class=\"wp-block-spacer\"><\/div>\n\n\n\n<h2 class=\"wp-block-heading\"><strong><span style=\"text-decoration: underline;\">En resum<\/span><\/strong><\/h2>\n\n\n\n<div style=\"height:30px\" aria-hidden=\"true\" class=\"wp-block-spacer\"><\/div>\n\n\n\n<p>&nbsp;La coordinaci\u00f3 ull-m\u00e0 \u00e9s una habilitat b\u00e0sica, per\u00f2 essencial, per al desenvolupament acad\u00e8mic i emocional dels infants. La seva influ\u00e8ncia va m\u00e9s enll\u00e0 del motor: impacta directament en l\u2019escriptura, la lectura, l\u2019autonomia i l\u2019autoestima.<br>Amb una detecci\u00f3 a temps i una intervenci\u00f3 adequada, \u00e9s possible millorar significativament aquestes capacitats i oferir al nen les eines que necessita per aprendre amb confian\u00e7a.<\/p>\n\n\n\n<p>Tens dubtes sobre la coordinaci\u00f3 visual del teu fill?<strong><br><\/strong>Contacta amb nosaltres i sol\u00b7licita una avaluaci\u00f3 visual completa.<br>A Enfoca\u2019t t\u2019ajudem a detectar possibles dificultats abans que interfereixin en el seu aprenentatge.<\/p>\n","protected":false},"excerpt":{"rendered":"<p>La coordinaci\u00f3 ull-m\u00e0, tamb\u00e9 coneguda com a coordinaci\u00f3 visomotriu, \u00e9s la capacitat que tenim de guiar els moviments de les nostres mans en funci\u00f3 del que veiem. \u00c9s una habilitat fonamental en el desenvolupament infantil i juga un paper determinant en tasques escolars tan quotidianes com escriure, llegir o participar en activitats f\u00edsiques.Encara que sovint [&hellip;]<\/p>\n","protected":false},"author":2,"featured_media":1437,"comment_status":"closed","ping_status":"open","sticky":false,"template":"","format":"standard","meta":{"inline_featured_image":false,"editor_notices":[],"_joinchat":[],"footnotes":""},"categories":[19],"tags":[],"class_list":["post-1436","post","type-post","status-publish","format-standard","has-post-thumbnail","hentry","category-salud-visual"],"_links":{"self":[{"href":"https:\/\/enfocat-terapiavisual.com\/cat\/wp-json\/wp\/v2\/posts\/1436","targetHints":{"allow":["GET"]}}],"collection":[{"href":"https:\/\/enfocat-terapiavisual.com\/cat\/wp-json\/wp\/v2\/posts"}],"about":[{"href":"https:\/\/enfocat-terapiavisual.com\/cat\/wp-json\/wp\/v2\/types\/post"}],"author":[{"embeddable":true,"href":"https:\/\/enfocat-terapiavisual.com\/cat\/wp-json\/wp\/v2\/users\/2"}],"replies":[{"embeddable":true,"href":"https:\/\/enfocat-terapiavisual.com\/cat\/wp-json\/wp\/v2\/comments?post=1436"}],"version-history":[{"count":1,"href":"https:\/\/enfocat-terapiavisual.com\/cat\/wp-json\/wp\/v2\/posts\/1436\/revisions"}],"predecessor-version":[{"id":1438,"href":"https:\/\/enfocat-terapiavisual.com\/cat\/wp-json\/wp\/v2\/posts\/1436\/revisions\/1438"}],"wp:featuredmedia":[{"embeddable":true,"href":"https:\/\/enfocat-terapiavisual.com\/cat\/wp-json\/wp\/v2\/media\/1437"}],"wp:attachment":[{"href":"https:\/\/enfocat-terapiavisual.com\/cat\/wp-json\/wp\/v2\/media?parent=1436"}],"wp:term":[{"taxonomy":"category","embeddable":true,"href":"https:\/\/enfocat-terapiavisual.com\/cat\/wp-json\/wp\/v2\/categories?post=1436"},{"taxonomy":"post_tag","embeddable":true,"href":"https:\/\/enfocat-terapiavisual.com\/cat\/wp-json\/wp\/v2\/tags?post=1436"}],"curies":[{"name":"wp","href":"https:\/\/api.w.org\/{rel}","templated":true}]}}