{"id":1446,"date":"2025-06-12T13:31:40","date_gmt":"2025-06-12T13:31:40","guid":{"rendered":"https:\/\/enfocat-terapiavisual.com\/cat\/?p=1446"},"modified":"2025-06-12T13:31:41","modified_gmt":"2025-06-12T13:31:41","slug":"habilitats-visuals-la-clau-invisible-per-veure-be-i-rendir-millor","status":"publish","type":"post","link":"https:\/\/enfocat-terapiavisual.com\/cat\/habilitats-visuals-la-clau-invisible-per-veure-be-i-rendir-millor\/","title":{"rendered":"Habilitats visuals: la clau invisible per veure b\u00e9 i rendir millor"},"content":{"rendered":"\n<div style=\"height:30px\" aria-hidden=\"true\" class=\"wp-block-spacer\"><\/div>\n\n\n\n<p>T\u2019has preguntat mai per qu\u00e8 algunes tasques visuals s\u00f3n dif\u00edcils? O per qu\u00e8 el teu fill es for\u00e7a tant per llegir? La resposta va m\u00e9s enll\u00e0 de l\u2019agudesa visual: s\u00f3n les habilitats visuals. Veure b\u00e9 implica enfocar amb agilitat, coordinar tots dos ulls i comprendre visualment sense esfor\u00e7.<\/p>\n\n\n\n<div style=\"height:30px\" aria-hidden=\"true\" class=\"wp-block-spacer\"><\/div>\n\n\n\n<h2 class=\"wp-block-heading\"><strong><span style=\"text-decoration: underline;\">Qu\u00e8 s\u00f3n les habilitats visuals?<\/span><\/strong><\/h2>\n\n\n\n<div style=\"height:30px\" aria-hidden=\"true\" class=\"wp-block-spacer\"><\/div>\n\n\n\n<p>S\u00f3n les capacitats que ens permeten fer servir la visi\u00f3 de manera eficient. Inclouen l\u2019enfocament, la coordinaci\u00f3 ocular i la manera com el cervell interpreta la informaci\u00f3 visual. Si no estan ben desenvolupades, poden confondre\u2019s amb problemes de rendiment escolar o d\u2019atenci\u00f3.<\/p>\n\n\n\n<div style=\"height:30px\" aria-hidden=\"true\" class=\"wp-block-spacer\"><\/div>\n\n\n\n<h2 class=\"wp-block-heading\"><strong><span style=\"text-decoration: underline;\">Tipus d\u2019habilitats visuals<\/span><\/strong><\/h2>\n\n\n\n<div style=\"height:30px\" aria-hidden=\"true\" class=\"wp-block-spacer\"><\/div>\n\n\n\n<h3 class=\"wp-block-heading\"><span style=\"text-decoration: underline;\">1. Habilitats d\u2019efic\u00e0cia visual<\/span><\/h3>\n\n\n\n<div style=\"height:30px\" aria-hidden=\"true\" class=\"wp-block-spacer\"><\/div>\n\n\n\n<p>Aquestes habilitats es refereixen a la part m\u00e9s f\u00edsica del sistema visual: com capten els ulls la informaci\u00f3 de l\u2019entorn.<\/p>\n\n\n\n<p><span style=\"text-decoration: underline;\">Acomodaci\u00f3 (enfocament)<\/span><strong><br><\/strong>Capacitat per canviar r\u00e0pidament l\u2019enfocament entre objectes propers i llunyans.<\/p>\n\n\n\n<p><span style=\"text-decoration: underline;\">Binocularitat (coordinaci\u00f3 ocular)<\/span><strong><br><\/strong>Permet que tots dos ulls treballin en equip, alineant-se correctament per enfocar el mateix objecte.<\/p>\n\n\n\n<p><span style=\"text-decoration: underline;\">Moviments oculars<\/span><\/p>\n\n\n\n<ul class=\"wp-block-list\">\n<li>Seguiment visual: capacitat per seguir un objecte en moviment de manera suau i precisa.<\/li>\n\n\n\n<li>Sac\u00e0dics: moviments r\u00e0pids dels ulls d\u2019un punt a un altre, essencials per exemple a l\u2019hora de llegir.<\/li>\n\n\n\n<li>Converg\u00e8ncia i diverg\u00e8ncia: capacitat per girar els ulls cap a dins o cap a fora segons la dist\u00e0ncia de l\u2019objecte.<\/li>\n<\/ul>\n\n\n\n<div style=\"height:30px\" aria-hidden=\"true\" class=\"wp-block-spacer\"><\/div>\n\n\n\n<h3 class=\"wp-block-heading\"><span style=\"text-decoration: underline;\">2. Habilitats de processament o percepci\u00f3 visual<\/span><\/h3>\n\n\n\n<div style=\"height:30px\" aria-hidden=\"true\" class=\"wp-block-spacer\"><\/div>\n\n\n\n<p><span style=\"text-decoration: underline;\">Discriminaci\u00f3 visual<\/span><\/p>\n\n\n\n<p>Permet distingir difer\u00e8ncies entre objectes visualment similars, com una \u201cb\u201d i una \u201cd\u201d, o un \u201c6\u201d i un \u201c9\u201d.9<\/p>\n\n\n\n<p><span style=\"text-decoration: underline;\">Mem\u00f2ria visual<strong><br><\/strong><\/span>Capacitat per recordar el que s\u2019ha vist.<\/p>\n\n\n\n<p><span style=\"text-decoration: underline;\">Relacions espacials<\/span><strong><br><\/strong>Ajuda a entendre la posici\u00f3 dels objectes entre si i en relaci\u00f3 amb un mateix.<\/p>\n\n\n\n<p><span style=\"text-decoration: underline;\">Const\u00e0ncia de forma<\/span><strong><br><\/strong>Permet recon\u00e8ixer un objecte encara que canvi\u00ef de mida, posici\u00f3 o orientaci\u00f3.<\/p>\n\n\n\n<p><span style=\"text-decoration: underline;\">Figura-fons<\/span><strong><br><\/strong>Capacitat per centrar l\u2019atenci\u00f3 en un est\u00edmul visual sense distreure\u2019s amb l\u2019entorn.<\/p>\n\n\n\n<p><span style=\"text-decoration: underline;\">Tancament visual<\/span><strong><br><\/strong>Permet identificar un objecte encara que estigui parcialment ocult.<\/p>\n\n\n\n<div style=\"height:30px\" aria-hidden=\"true\" class=\"wp-block-spacer\"><\/div>\n\n\n\n<h2 class=\"wp-block-heading\"><strong><span style=\"text-decoration: underline;\">Avaluem i entrenem les teves habilitats visuals<\/span><\/strong><\/h2>\n\n\n\n<div style=\"height:30px\" aria-hidden=\"true\" class=\"wp-block-spacer\"><\/div>\n\n\n\n<p>A Enfoca\u2019t avaluem aquestes habilitats, tant en infants com en adults, i detectem les \u00e0rees que necessiten refor\u00e7. Aix\u00f2 ens permet dissenyar un programa de ter\u00e0pia visual personalitzat.<\/p>\n\n\n\n<p>Vols entendre com funciona el teu sistema visual i millorar el teu rendiment? Demana cita amb nosaltres.<\/p>\n","protected":false},"excerpt":{"rendered":"<p>T\u2019has preguntat mai per qu\u00e8 algunes tasques visuals s\u00f3n dif\u00edcils? O per qu\u00e8 el teu fill es for\u00e7a tant per llegir? La resposta va m\u00e9s enll\u00e0 de l\u2019agudesa visual: s\u00f3n les habilitats visuals. Veure b\u00e9 implica enfocar amb agilitat, coordinar tots dos ulls i comprendre visualment sense esfor\u00e7. Qu\u00e8 s\u00f3n les habilitats visuals? S\u00f3n les [&hellip;]<\/p>\n","protected":false},"author":2,"featured_media":1447,"comment_status":"closed","ping_status":"open","sticky":false,"template":"","format":"standard","meta":{"inline_featured_image":false,"editor_notices":[],"_joinchat":[],"footnotes":""},"categories":[19],"tags":[],"class_list":["post-1446","post","type-post","status-publish","format-standard","has-post-thumbnail","hentry","category-salud-visual"],"_links":{"self":[{"href":"https:\/\/enfocat-terapiavisual.com\/cat\/wp-json\/wp\/v2\/posts\/1446","targetHints":{"allow":["GET"]}}],"collection":[{"href":"https:\/\/enfocat-terapiavisual.com\/cat\/wp-json\/wp\/v2\/posts"}],"about":[{"href":"https:\/\/enfocat-terapiavisual.com\/cat\/wp-json\/wp\/v2\/types\/post"}],"author":[{"embeddable":true,"href":"https:\/\/enfocat-terapiavisual.com\/cat\/wp-json\/wp\/v2\/users\/2"}],"replies":[{"embeddable":true,"href":"https:\/\/enfocat-terapiavisual.com\/cat\/wp-json\/wp\/v2\/comments?post=1446"}],"version-history":[{"count":1,"href":"https:\/\/enfocat-terapiavisual.com\/cat\/wp-json\/wp\/v2\/posts\/1446\/revisions"}],"predecessor-version":[{"id":1448,"href":"https:\/\/enfocat-terapiavisual.com\/cat\/wp-json\/wp\/v2\/posts\/1446\/revisions\/1448"}],"wp:featuredmedia":[{"embeddable":true,"href":"https:\/\/enfocat-terapiavisual.com\/cat\/wp-json\/wp\/v2\/media\/1447"}],"wp:attachment":[{"href":"https:\/\/enfocat-terapiavisual.com\/cat\/wp-json\/wp\/v2\/media?parent=1446"}],"wp:term":[{"taxonomy":"category","embeddable":true,"href":"https:\/\/enfocat-terapiavisual.com\/cat\/wp-json\/wp\/v2\/categories?post=1446"},{"taxonomy":"post_tag","embeddable":true,"href":"https:\/\/enfocat-terapiavisual.com\/cat\/wp-json\/wp\/v2\/tags?post=1446"}],"curies":[{"name":"wp","href":"https:\/\/api.w.org\/{rel}","templated":true}]}}