{"id":1507,"date":"2025-07-14T11:43:28","date_gmt":"2025-07-14T11:43:28","guid":{"rendered":"https:\/\/enfocat-terapiavisual.com\/cat\/?p=1507"},"modified":"2025-07-14T11:43:31","modified_gmt":"2025-07-14T11:43:31","slug":"la-teva-visio-afecta-al-teu-equilibri-i-coordinacio","status":"publish","type":"post","link":"https:\/\/enfocat-terapiavisual.com\/cat\/la-teva-visio-afecta-al-teu-equilibri-i-coordinacio\/","title":{"rendered":"La teva visi\u00f3 afecta al teu equilibri i coordinaci\u00f3?"},"content":{"rendered":"\n<div style=\"height:30px\" aria-hidden=\"true\" class=\"wp-block-spacer\"><\/div>\n\n\n\n<p>Durant l\u2019estiu, quan passem m\u00e9s temps a l\u2019aire lliure, en moviment i allunyats de la rutina, \u00e9s habitual notar certes sensacions f\u00edsiques que no sempre sabem explicar: desequilibri en caminar per terrenys irregulars, poca habilitat en atrapar una pilota o inseguretat en pujar a una taula de paddle surf.<br>I si et digu\u00e9ssim que la teva visi\u00f3 pot tenir molt a veure amb tot aix\u00f2?<\/p>\n\n\n\n<p>Tot i que normalment associem la <strong>visi\u00f3 <\/strong>amb \u201cveure n\u00edtid\u201d, la veritat \u00e9s que el <strong>sistema visual <\/strong>compleix un paper molt m\u00e9s ampli i profund en el dia a dia, especialment en com ens movem, ens orientem i mantenim l\u2019equilibri.<\/p>\n\n\n\n<div style=\"height:30px\" aria-hidden=\"true\" class=\"wp-block-spacer\"><\/div>\n\n\n\n<h2 class=\"wp-block-heading\"><strong><span style=\"text-decoration: underline;\">M\u00e9s enll\u00e0 de veure-hi clar<\/span><\/strong><\/h2>\n\n\n\n<div style=\"height:30px\" aria-hidden=\"true\" class=\"wp-block-spacer\"><\/div>\n\n\n\n<p>Veure-hi b\u00e9 no \u00e9s nom\u00e9s distingir lletres petites o recon\u00e8ixer alg\u00fa a la dist\u00e0ncia. La visi\u00f3 tamb\u00e9 implica que els dos ulls treballin de manera coordinada, que el cervell interpreti correctament el que perceben i que tota aquesta informaci\u00f3 visual s\u2019integri amb la resta del cos per reaccionar amb precisi\u00f3.<\/p>\n\n\n\n<p>Quan alguna d\u2019aquestes funcions no est\u00e0 ben desenvolupada o falla de manera subtil, apareixen dificultats que sovint passen desapercebudes: ensopegades freq\u00fcents, descoordinaci\u00f3 en c\u00f3rrer, sensaci\u00f3 d\u2019inestabilitat o fins i tot poca habilitat que s\u2019atribueix, err\u00f2niament, a la falta de pr\u00e0ctica o d\u2019atenci\u00f3.<\/p>\n\n\n\n<div style=\"height:30px\" aria-hidden=\"true\" class=\"wp-block-spacer\"><\/div>\n\n\n\n<h2 class=\"wp-block-heading\"><strong><span style=\"text-decoration: underline;\">Visi\u00f3, equilibri i coordinaci\u00f3: una connexi\u00f3 directa<\/span><\/strong><\/h2>\n\n\n\n<div style=\"height:30px\" aria-hidden=\"true\" class=\"wp-block-spacer\"><\/div>\n\n\n\n<p>El nostre cos s\u2019orienta i es mou gr\u00e0cies a tres grans sistemes que treballen conjuntament:<\/p>\n\n\n\n<ul class=\"wp-block-list\">\n<li>El <strong>sistema visual<br><\/strong><\/li>\n\n\n\n<li>El <strong>sistema vestibular <\/strong>(ubicat a l\u2019o\u00efda interna, encarregat de l\u2019equilibri)<br><\/li>\n\n\n\n<li>El <strong>sistema propioceptiu <\/strong>(relacionat amb la posici\u00f3 del cos a l\u2019espai)<br><\/li>\n<\/ul>\n\n\n\n<p>Quan aquests sistemes es comuniquen de manera fluida, el resultat \u00e9s una bona <strong>coordinaci\u00f3 i equilibri<\/strong>. Per\u00f2 si hi ha una fallada en la manera com els ulls enfoquen, s\u2019alineen o treballen en equip, el cervell rep senyals poc clares o contradict\u00f2ries, i el cos ho compensa com pot: ajustant la postura, for\u00e7ant moviments o desconnectant visualment una part de l\u2019escena.<\/p>\n\n\n\n<div style=\"height:30px\" aria-hidden=\"true\" class=\"wp-block-spacer\"><\/div>\n\n\n\n<h2 class=\"wp-block-heading\"><strong><span style=\"text-decoration: underline;\">I en els infants?<\/span><\/strong><\/h2>\n\n\n\n<div style=\"height:30px\" aria-hidden=\"true\" class=\"wp-block-spacer\"><\/div>\n\n\n\n<p>Durant les vacances \u00e9s m\u00e9s f\u00e0cil observar com es mouen els m\u00e9s petits sense l\u2019estructura de l\u2019aula. Si un infant evita certs jocs f\u00edsics, cau amb freq\u00fc\u00e8ncia, no coordina b\u00e9 en anar en bicicleta o sembla m\u00e9s maldestre que els seus companys, \u00e9s important valorar si el seu sistema visual hi est\u00e0 implicat.<\/p>\n\n\n\n<p>Moltes vegades, el que sembla un problema de psicomotricitat t\u00e9 el seu origen en una <strong>dificultat visual <\/strong>no diagnosticada.<\/p>\n\n\n\n<div style=\"height:30px\" aria-hidden=\"true\" class=\"wp-block-spacer\"><\/div>\n\n\n\n<h2 class=\"wp-block-heading\"><strong><span style=\"text-decoration: underline;\">Com pot ajudar-te la ter\u00e0pia visual?<\/span><\/strong><\/h2>\n\n\n\n<div style=\"height:30px\" aria-hidden=\"true\" class=\"wp-block-spacer\"><\/div>\n\n\n\n<p>A<strong> Enfoca\u2019t <\/strong>avaluem el sistema visual des d\u2019un enfocament funcional. No nom\u00e9s analitzem si una persona veu amb nitidesa, sin\u00f3 com utilitza la seva visi\u00f3 en moviment, com treballen els seus ulls en equip i com s\u2019integra aquesta informaci\u00f3 visual amb el cos.<\/p>\n\n\n\n<p>Si detectem desequilibris o descoordinaci\u00f3 derivats d\u2019una <strong>disfunci\u00f3 visual<\/strong>, dissenyem un programa personalitzat de ter\u00e0pia visual.<\/p>\n\n\n\n<div style=\"height:30px\" aria-hidden=\"true\" class=\"wp-block-spacer\"><\/div>\n\n\n\n<h2 class=\"wp-block-heading\"><strong><span style=\"text-decoration: underline;\">Un bon moment per observar i actuar<\/span><\/strong><\/h2>\n\n\n\n<div style=\"height:30px\" aria-hidden=\"true\" class=\"wp-block-spacer\"><\/div>\n\n\n\n<p>L\u2019estiu \u00e9s una excel\u00b7lent oportunitat per observar-nos amb altres ritmes, en espais nous i amb m\u00e9s llibertat de moviment. Prestar atenci\u00f3 a com ens desplacem, com reaccionem o com juguen els nostres fills pot donar pistes valuoses sobre el seu sistema visual.<\/p>\n\n\n\n<p>Si detectes signes de poca habilitat, inseguretat o desequilibri, no ho deixis passar. Una avaluaci\u00f3 visual pot aportar respostes i obrir la porta a una millora real i duradora.A Enfoca\u2019t, t\u2019ajudem a veure d\u2019una altra manera. Tamb\u00e9 a moure\u2019t millor.<br>Demana cita al nostre centre de <strong>Barcelona <\/strong>i fes el primer pas cap a una visi\u00f3 m\u00e9s coordinada i segura.<\/p>\n\n\n\n<div style=\"height:30px\" aria-hidden=\"true\" class=\"wp-block-spacer\"><\/div>\n","protected":false},"excerpt":{"rendered":"<p>Durant l\u2019estiu, quan passem m\u00e9s temps a l\u2019aire lliure, en moviment i allunyats de la rutina, \u00e9s habitual notar certes sensacions f\u00edsiques que no sempre sabem explicar: desequilibri en caminar per terrenys irregulars, poca habilitat en atrapar una pilota o inseguretat en pujar a una taula de paddle surf.I si et digu\u00e9ssim que la teva [&hellip;]<\/p>\n","protected":false},"author":2,"featured_media":1508,"comment_status":"closed","ping_status":"open","sticky":false,"template":"","format":"standard","meta":{"inline_featured_image":false,"editor_notices":[],"_joinchat":[],"footnotes":""},"categories":[19],"tags":[],"class_list":["post-1507","post","type-post","status-publish","format-standard","has-post-thumbnail","hentry","category-salud-visual"],"_links":{"self":[{"href":"https:\/\/enfocat-terapiavisual.com\/cat\/wp-json\/wp\/v2\/posts\/1507","targetHints":{"allow":["GET"]}}],"collection":[{"href":"https:\/\/enfocat-terapiavisual.com\/cat\/wp-json\/wp\/v2\/posts"}],"about":[{"href":"https:\/\/enfocat-terapiavisual.com\/cat\/wp-json\/wp\/v2\/types\/post"}],"author":[{"embeddable":true,"href":"https:\/\/enfocat-terapiavisual.com\/cat\/wp-json\/wp\/v2\/users\/2"}],"replies":[{"embeddable":true,"href":"https:\/\/enfocat-terapiavisual.com\/cat\/wp-json\/wp\/v2\/comments?post=1507"}],"version-history":[{"count":1,"href":"https:\/\/enfocat-terapiavisual.com\/cat\/wp-json\/wp\/v2\/posts\/1507\/revisions"}],"predecessor-version":[{"id":1509,"href":"https:\/\/enfocat-terapiavisual.com\/cat\/wp-json\/wp\/v2\/posts\/1507\/revisions\/1509"}],"wp:featuredmedia":[{"embeddable":true,"href":"https:\/\/enfocat-terapiavisual.com\/cat\/wp-json\/wp\/v2\/media\/1508"}],"wp:attachment":[{"href":"https:\/\/enfocat-terapiavisual.com\/cat\/wp-json\/wp\/v2\/media?parent=1507"}],"wp:term":[{"taxonomy":"category","embeddable":true,"href":"https:\/\/enfocat-terapiavisual.com\/cat\/wp-json\/wp\/v2\/categories?post=1507"},{"taxonomy":"post_tag","embeddable":true,"href":"https:\/\/enfocat-terapiavisual.com\/cat\/wp-json\/wp\/v2\/tags?post=1507"}],"curies":[{"name":"wp","href":"https:\/\/api.w.org\/{rel}","templated":true}]}}