{"id":1512,"date":"2025-08-01T07:04:36","date_gmt":"2025-08-01T07:04:36","guid":{"rendered":"https:\/\/enfocat-terapiavisual.com\/cat\/?p=1512"},"modified":"2025-08-01T07:04:38","modified_gmt":"2025-08-01T07:04:38","slug":"lestiu-afecta-la-visio-dels-infants","status":"publish","type":"post","link":"https:\/\/enfocat-terapiavisual.com\/cat\/lestiu-afecta-la-visio-dels-infants\/","title":{"rendered":"L&#8217;estiu afecta la visi\u00f3 dels infants?"},"content":{"rendered":"\n<div style=\"height:30px\" aria-hidden=\"true\" class=\"wp-block-spacer\"><\/div>\n\n\n\n<p>Durant l&#8217;estiu tot s&#8217;alenteix. Les rutines escolars s&#8217;aturen, es redueixen les exig\u00e8ncies acad\u00e8miques i els infants gaudeixen de m\u00e9s temps lliure. Aquesta desconnexi\u00f3 \u00e9s positiva i necess\u00e0ria, per\u00f2 tamb\u00e9 implica un canvi important en la manera com fan servir els ulls.<\/p>\n\n\n\n<p>En aquest article t&#8217;expliquem per qu\u00e8 passa, quins senyals conv\u00e9 observar durant les vacances i per qu\u00e8 una avaluaci\u00f3 visual abans de l&#8217;inici del curs escolar pot marcar la difer\u00e8ncia.<\/p>\n\n\n\n<div style=\"height:30px\" aria-hidden=\"true\" class=\"wp-block-spacer\"><\/div>\n\n\n\n<h2 class=\"wp-block-heading\"><strong><span style=\"text-decoration: underline;\">Quan els ulls tamb\u00e9 se&#8217;n van de vacances<\/span><\/strong><\/h2>\n\n\n\n<div style=\"height:30px\" aria-hidden=\"true\" class=\"wp-block-spacer\"><\/div>\n\n\n\n<p>Durant el curs escolar, el sistema visual infantil est\u00e0 en constant entrenament: lectura, escriptura, enfocament prolongat, seguiment visual, coordinaci\u00f3 ull-m\u00e0&#8230; Les tasques acad\u00e8miques exigeixen que els ulls treballin amb precisi\u00f3 i esfor\u00e7 sostingut.<\/p>\n\n\n\n<p>Per\u00f2 a l&#8217;estiu, aquest nivell d&#8217;exig\u00e8ncia visual disminueix:<\/p>\n\n\n\n<ul class=\"wp-block-list\">\n<li>Se substitueix la lectura per dispositius electr\u00f2nics<\/li>\n\n\n\n<li>Es passa m\u00e9s temps a interiors amb llum artificial o, al contrari, exposats a llum solar intensa<\/li>\n\n\n\n<li>Es redueix la varietat d&#8217;est\u00edmuls visuals exigents<\/li>\n\n\n\n<li>Disminueixen les tasques que requereixen enfocament fi, moviments precisos o atenci\u00f3 visual cont\u00ednua<\/li>\n<\/ul>\n\n\n\n<div style=\"height:30px\" aria-hidden=\"true\" class=\"wp-block-spacer\"><\/div>\n\n\n\n<h2 class=\"wp-block-heading\"><strong><span style=\"text-decoration: underline;\">Quins senyals poden apar\u00e8ixer a l&#8217;estiu?<\/span><\/strong><\/h2>\n\n\n\n<div style=\"height:30px\" aria-hidden=\"true\" class=\"wp-block-spacer\"><\/div>\n\n\n\n<p>Lluny dels deures i la pressi\u00f3 escolar, molts infants comencen a mostrar comportaments que durant el curs passaven inadvertits. Alguns senyals que poden indicar una dificultat visual funcional s\u00f3n:<\/p>\n\n\n\n<ul class=\"wp-block-list\">\n<li>Rebuig a activitats com llegir, pintar o fer manualitats<\/li>\n\n\n\n<li>Ensopegar amb facilitat en jocs que requereixen coordinaci\u00f3 visomotora<\/li>\n\n\n\n<li>Desorientaci\u00f3 en moure&#8217;s per espais amplis<\/li>\n\n\n\n<li>Acostar-se massa a pantalles o objectes<\/li>\n<\/ul>\n\n\n\n<p>A m\u00e9s, l&#8217;\u00fas m\u00e9s intensiu de pantalles (m\u00f2bils, videojocs) pot agreujar s\u00edmptomes com fatiga visual, visi\u00f3 borrosa intermitent o mals de cap. Tot aix\u00f2 pot estar relacionat amb una alteraci\u00f3 en l&#8217;efic\u00e0cia visual o en les habilitats de processament visual.<\/p>\n\n\n\n<div style=\"height:30px\" aria-hidden=\"true\" class=\"wp-block-spacer\"><\/div>\n\n\n\n<h2 class=\"wp-block-heading\"><strong><span style=\"text-decoration: underline;\">Per qu\u00e8 \u00e9s important revisar la visi\u00f3 abans del curs<\/span><\/strong><\/h2>\n\n\n\n<div style=\"height:30px\" aria-hidden=\"true\" class=\"wp-block-spacer\"><\/div>\n\n\n\n<p>El rendiment escolar no dep\u00e8n nom\u00e9s de l&#8217;esfor\u00e7 o de les ganes d&#8217;aprendre. Dep\u00e8n tamb\u00e9 de si l&#8217;infant veu, enfoca, coordina i processa la informaci\u00f3 visual de forma eficient.<\/p>\n\n\n\n<p>Una revisi\u00f3 visual permet:<\/p>\n\n\n\n<ul class=\"wp-block-list\">\n<li>Detectar problemes que no apareixen en un control \u00f2ptic convencional<\/li>\n\n\n\n<li>Avaluar com es comporta el sistema visual davant de tasques reals: lectura, escriptura, coordinaci\u00f3 ull-m\u00e0<\/li>\n\n\n\n<li>Evitar que dificultats no detectades interfereixin en l&#8217;aprenentatge<\/li>\n<\/ul>\n\n\n\n<p>Detectar i tractar una disfunci\u00f3 visual a temps pot suposar la difer\u00e8ncia entre un curs escolar ple d&#8217;esfor\u00e7 i frustraci\u00f3\u2026 o un any en qu\u00e8 l&#8217;infant se senti capa\u00e7, segur i motivat.<\/p>\n\n\n\n<div style=\"height:30px\" aria-hidden=\"true\" class=\"wp-block-spacer\"><\/div>\n\n\n\n<h2 class=\"wp-block-heading\"><strong><span style=\"text-decoration: underline;\">Enfoca\u2019t: avaluem com fan servir els ulls, no nom\u00e9s si hi veuen b\u00e9<\/span><\/strong><\/h2>\n\n\n\n<div style=\"height:30px\" aria-hidden=\"true\" class=\"wp-block-spacer\"><\/div>\n\n\n\n<p>A Enfoca\u2019t realitzem avaluacions visuals completes, adaptades a cada edat. Valorem no nom\u00e9s l&#8217;agudesa visual, sin\u00f3 tamb\u00e9 la coordinaci\u00f3 ocular, la flexibilitat de l&#8217;enfocament, la percepci\u00f3 visual i el processament de la informaci\u00f3.<\/p>\n\n\n\n<div style=\"height:30px\" aria-hidden=\"true\" class=\"wp-block-spacer\"><\/div>\n\n\n\n<h2 class=\"wp-block-heading\"><strong><span style=\"text-decoration: underline;\">Aprofitar l&#8217;estiu per cuidar la visi\u00f3<\/span><\/strong><\/h2>\n\n\n\n<div style=\"height:30px\" aria-hidden=\"true\" class=\"wp-block-spacer\"><\/div>\n\n\n\n<p>L&#8217;estiu \u00e9s un moment ideal per observar, sense presses, com respon el teu fill a diferents situacions visuals. Tamb\u00e9 \u00e9s una gran oportunitat per revisar la seva visi\u00f3 abans que comenci el curs, quan el dia a dia tornar\u00e0 a omplir-se d&#8217;est\u00edmuls, deures i exig\u00e8ncies escolars.<\/p>\n\n\n\n<p>Preparar-se per a la tornada a l&#8217;escola tamb\u00e9 implica assegurar-se que la seva visi\u00f3 est\u00e0 llesta per aprendre.<\/p>\n\n\n\n<p>Si sospites que alguna cosa no va b\u00e9, a Enfoca\u2019t podem ajudar-te a veure-ho clar. Us esperem al Carrer de Vilamar\u00ed, 26, Barcelona.<\/p>\n\n\n\n<div style=\"height:30px\" aria-hidden=\"true\" class=\"wp-block-spacer\"><\/div>\n","protected":false},"excerpt":{"rendered":"<p>Durant l&#8217;estiu tot s&#8217;alenteix. Les rutines escolars s&#8217;aturen, es redueixen les exig\u00e8ncies acad\u00e8miques i els infants gaudeixen de m\u00e9s temps lliure. Aquesta desconnexi\u00f3 \u00e9s positiva i necess\u00e0ria, per\u00f2 tamb\u00e9 implica un canvi important en la manera com fan servir els ulls. En aquest article t&#8217;expliquem per qu\u00e8 passa, quins senyals conv\u00e9 observar durant les vacances [&hellip;]<\/p>\n","protected":false},"author":2,"featured_media":1513,"comment_status":"closed","ping_status":"open","sticky":false,"template":"","format":"standard","meta":{"inline_featured_image":false,"editor_notices":[],"_joinchat":[],"footnotes":""},"categories":[21],"tags":[],"class_list":["post-1512","post","type-post","status-publish","format-standard","has-post-thumbnail","hentry","category-vision-infantil-2"],"_links":{"self":[{"href":"https:\/\/enfocat-terapiavisual.com\/cat\/wp-json\/wp\/v2\/posts\/1512","targetHints":{"allow":["GET"]}}],"collection":[{"href":"https:\/\/enfocat-terapiavisual.com\/cat\/wp-json\/wp\/v2\/posts"}],"about":[{"href":"https:\/\/enfocat-terapiavisual.com\/cat\/wp-json\/wp\/v2\/types\/post"}],"author":[{"embeddable":true,"href":"https:\/\/enfocat-terapiavisual.com\/cat\/wp-json\/wp\/v2\/users\/2"}],"replies":[{"embeddable":true,"href":"https:\/\/enfocat-terapiavisual.com\/cat\/wp-json\/wp\/v2\/comments?post=1512"}],"version-history":[{"count":1,"href":"https:\/\/enfocat-terapiavisual.com\/cat\/wp-json\/wp\/v2\/posts\/1512\/revisions"}],"predecessor-version":[{"id":1514,"href":"https:\/\/enfocat-terapiavisual.com\/cat\/wp-json\/wp\/v2\/posts\/1512\/revisions\/1514"}],"wp:featuredmedia":[{"embeddable":true,"href":"https:\/\/enfocat-terapiavisual.com\/cat\/wp-json\/wp\/v2\/media\/1513"}],"wp:attachment":[{"href":"https:\/\/enfocat-terapiavisual.com\/cat\/wp-json\/wp\/v2\/media?parent=1512"}],"wp:term":[{"taxonomy":"category","embeddable":true,"href":"https:\/\/enfocat-terapiavisual.com\/cat\/wp-json\/wp\/v2\/categories?post=1512"},{"taxonomy":"post_tag","embeddable":true,"href":"https:\/\/enfocat-terapiavisual.com\/cat\/wp-json\/wp\/v2\/tags?post=1512"}],"curies":[{"name":"wp","href":"https:\/\/api.w.org\/{rel}","templated":true}]}}