{"id":1516,"date":"2025-09-19T08:33:42","date_gmt":"2025-09-19T08:33:42","guid":{"rendered":"https:\/\/enfocat-terapiavisual.com\/cat\/?p=1516"},"modified":"2025-09-19T08:33:44","modified_gmt":"2025-09-19T08:33:44","slug":"problemes-visuals-a-la-tornada-a-lescola-el-teu-fill-se-salta-linies-quan-llegeix","status":"publish","type":"post","link":"https:\/\/enfocat-terapiavisual.com\/cat\/problemes-visuals-a-la-tornada-a-lescola-el-teu-fill-se-salta-linies-quan-llegeix\/","title":{"rendered":"Problemes visuals a la tornada a l\u2019escola: El teu fill se salta l\u00ednies quan llegeix?"},"content":{"rendered":"\n<div style=\"height:30px\" aria-hidden=\"true\" class=\"wp-block-spacer\"><\/div>\n\n\n\n<p>La tornada a l\u2019escola \u00e9s molt m\u00e9s que comprar llibres i preparar la motxilla. \u00c9s tamb\u00e9 un moment clau per observar si el teu fill est\u00e0 preparat, des del punt de vista visual, per afrontar els reptes de l\u2019aprenentatge i el rendiment escolar.<\/p>\n\n\n\n<p>Alguns dels signes m\u00e9s freq\u00fcents s\u00f3n que el nen se salti l\u00ednies quan llegeix, llegeixi molt a poc a poc o eviti completament les tasques que impliquin lectura. Et sona? La bona not\u00edcia \u00e9s que moltes d\u2019aquestes dificultats es poden millorar significativament amb ter\u00e0pia visual. A Enfoca\u2019t ajudem els nens a superar aquests obstacles.<\/p>\n\n\n\n<div style=\"height:30px\" aria-hidden=\"true\" class=\"wp-block-spacer\"><\/div>\n\n\n\n<h2 class=\"wp-block-heading\"><strong><span style=\"text-decoration: underline;\">M\u00e9s enll\u00e0 de l\u2019agudesa visual: habilitats visuals implicades en l\u2019aprenentatge<\/span><\/strong><\/h2>\n\n\n\n<div style=\"height:30px\" aria-hidden=\"true\" class=\"wp-block-spacer\"><\/div>\n\n\n\n<p>Veure b\u00e9 no \u00e9s nom\u00e9s veure n\u00edtid. Perqu\u00e8 un nen pugui llegir, escriure, concentrar-se i aprendre amb normalitat, necessita que el seu sistema visual funcioni com un equip ben coordinat.<\/p>\n\n\n\n<p>A Enfoca\u2019t, avaluem el funcionament global del sistema visual, i ho fem des d\u2019una perspectiva funcional. Aix\u00f2 inclou habilitats essencials com:<\/p>\n\n\n\n<div style=\"height:29px\" aria-hidden=\"true\" class=\"wp-block-spacer\"><\/div>\n\n\n\n<p><strong><span style=\"text-decoration: underline;\">1. Moviments oculars<\/span><\/strong><\/p>\n\n\n\n<div style=\"height:29px\" aria-hidden=\"true\" class=\"wp-block-spacer\"><\/div>\n\n\n\n<p>Pot seguir una l\u00ednia de text sense perdre\u2019s? Mou els ulls d\u2019una paraula a una altra de manera fluida?<\/p>\n\n\n\n<p>Quan els moviments sac\u00e0dics (salts r\u00e0pids d\u2019un punt a un altre) estan alterats, \u00e9s habitual que els nens es perdin i necessitin utilitzar el dit com a guia o mostrin una lectura lenta.<\/p>\n\n\n\n<div style=\"height:29px\" aria-hidden=\"true\" class=\"wp-block-spacer\"><\/div>\n\n\n\n<p><strong><span style=\"text-decoration: underline;\">2. Coordinaci\u00f3 entre tots dos ulls (binocularitat)<\/span><\/strong><\/p>\n\n\n\n<div style=\"height:29px\" aria-hidden=\"true\" class=\"wp-block-spacer\"><\/div>\n\n\n\n<p>Els dos ulls apunten al mateix lloc i treballen junts?<\/p>\n\n\n\n<p>Un desequilibri en la coordinaci\u00f3 ocular pot generar visi\u00f3 doble, fatiga visual o la supressi\u00f3 de la imatge d\u2019un ull, afectant directament la comprensi\u00f3 lectora.<\/p>\n\n\n\n<div style=\"height:30px\" aria-hidden=\"true\" class=\"wp-block-spacer\"><\/div>\n\n\n\n<p><strong><span style=\"text-decoration: underline;\">3. Capacitat d\u2019enfocament (acomodaci\u00f3)<\/span><\/strong><\/p>\n\n\n\n<div style=\"height:30px\" aria-hidden=\"true\" class=\"wp-block-spacer\"><\/div>\n\n\n\n<p>Mant\u00e9 l\u2019enfocament en passar de la pissarra al quadern? Es queixa de visi\u00f3 borrosa despr\u00e9s de llegir una estona?<\/p>\n\n\n\n<p>Una acomodaci\u00f3 inestable pot provocar fatiga visual, manca de concentraci\u00f3 i, en conseq\u00fc\u00e8ncia, dificultats en el processament de la informaci\u00f3 escrita.<\/p>\n\n\n\n<div style=\"height:30px\" aria-hidden=\"true\" class=\"wp-block-spacer\"><\/div>\n\n\n\n<p><strong><span style=\"text-decoration: underline;\">4. Percepci\u00f3 visual<\/span><\/strong><\/p>\n\n\n\n<div style=\"height:30px\" aria-hidden=\"true\" class=\"wp-block-spacer\"><\/div>\n\n\n\n<p>Si identifiques algun d\u2019aquests signes en el teu fill, a Enfoca\u2019t podem ajudar-te. Dissenyem programes personalitzats amb l\u2019objectiu de:<\/p>\n\n\n\n<ul class=\"wp-block-list\">\n<li>Millorar les seves habilitats visuals de manera duradora.<\/li>\n\n\n\n<li>Augmentar el seu rendiment escolar i la flu\u00efdesa en la lectura.<\/li>\n\n\n\n<li>Guanyar confian\u00e7a i motivaci\u00f3 a l\u2019aula i fora d\u2019ella.<\/li>\n<\/ul>\n\n\n\n<p>Els exercicis s\u2019adapten a l\u2019edat, nivell de desenvolupament i necessitats espec\u00edfiques de cada nen. El m\u00e9s important: la ter\u00e0pia visual a Enfoca\u2019t entrena la causa del problema, no nom\u00e9s els s\u00edmptomes, oferint una soluci\u00f3 efectiva per a les dificultats de lectura i altres problemes visuals a la tornada a l\u2019escola.<\/p>\n\n\n\n<div style=\"height:30px\" aria-hidden=\"true\" class=\"wp-block-spacer\"><\/div>\n\n\n\n<h2 class=\"wp-block-heading\"><strong><span style=\"text-decoration: underline;\">Com pot ajudar la ter\u00e0pia visual al rendiment escolar?<\/span><\/strong><\/h2>\n\n\n\n<div style=\"height:30px\" aria-hidden=\"true\" class=\"wp-block-spacer\"><\/div>\n\n\n\n<p>A Enfoca\u2019t, centre especialitzat en ter\u00e0pia visual a Barcelona, dissenyem programes personalitzats per a cada nen, amb l\u2019objectiu de:<\/p>\n\n\n\n<ul class=\"wp-block-list\">\n<li>Millorar les seves habilitats visuals<\/li>\n\n\n\n<li>Augmentar el seu rendiment<\/li>\n\n\n\n<li>Guanyar confian\u00e7a i motivaci\u00f3 a l\u2019aula<\/li>\n<\/ul>\n\n\n\n<p>Els exercicis s\u2019adapten a la seva edat, nivell de desenvolupament i necessitats espec\u00edfiques. I, el m\u00e9s important: la ter\u00e0pia visual entrena la causa del problema, no nom\u00e9s els s\u00edmptomes.<\/p>\n\n\n\n<div style=\"height:30px\" aria-hidden=\"true\" class=\"wp-block-spacer\"><\/div>\n\n\n\n<h2 class=\"wp-block-heading\"><strong><span style=\"text-decoration: underline;\">Enfoca\u2019t: experts en visi\u00f3 i aprenentatge a Barcelona<\/span><\/strong><\/h2>\n\n\n\n<div style=\"height:30px\" aria-hidden=\"true\" class=\"wp-block-spacer\"><\/div>\n\n\n\n<p>A Enfoca\u2019t avaluem i entrenem les habilitats visuals implicades en el rendiment escolar. Perqu\u00e8 veure b\u00e9 no sempre implica utilitzar la visi\u00f3 de manera adequada.<\/p>\n\n\n\n<p>Demana la teva cita avui mateix i acompanya el seu aprenentatge des de la base: la seva visi\u00f3.<\/p>\n\n\n\n<p>Us esperem al Carrer de Vilamar\u00ed, 26 \u2013 Sant Antoni, Barcelona.<br>Millora el rendiment escolar del teu fill amb la nostra ter\u00e0pia visual a mida!<\/p>\n\n\n\n<div style=\"height:30px\" aria-hidden=\"true\" class=\"wp-block-spacer\"><\/div>\n","protected":false},"excerpt":{"rendered":"<p>La tornada a l\u2019escola \u00e9s molt m\u00e9s que comprar llibres i preparar la motxilla. \u00c9s tamb\u00e9 un moment clau per observar si el teu fill est\u00e0 preparat, des del punt de vista visual, per afrontar els reptes de l\u2019aprenentatge i el rendiment escolar. Alguns dels signes m\u00e9s freq\u00fcents s\u00f3n que el nen se salti l\u00ednies [&hellip;]<\/p>\n","protected":false},"author":2,"featured_media":1517,"comment_status":"closed","ping_status":"open","sticky":false,"template":"","format":"standard","meta":{"inline_featured_image":false,"editor_notices":[],"_joinchat":[],"footnotes":""},"categories":[19],"tags":[],"class_list":["post-1516","post","type-post","status-publish","format-standard","has-post-thumbnail","hentry","category-salud-visual"],"_links":{"self":[{"href":"https:\/\/enfocat-terapiavisual.com\/cat\/wp-json\/wp\/v2\/posts\/1516","targetHints":{"allow":["GET"]}}],"collection":[{"href":"https:\/\/enfocat-terapiavisual.com\/cat\/wp-json\/wp\/v2\/posts"}],"about":[{"href":"https:\/\/enfocat-terapiavisual.com\/cat\/wp-json\/wp\/v2\/types\/post"}],"author":[{"embeddable":true,"href":"https:\/\/enfocat-terapiavisual.com\/cat\/wp-json\/wp\/v2\/users\/2"}],"replies":[{"embeddable":true,"href":"https:\/\/enfocat-terapiavisual.com\/cat\/wp-json\/wp\/v2\/comments?post=1516"}],"version-history":[{"count":1,"href":"https:\/\/enfocat-terapiavisual.com\/cat\/wp-json\/wp\/v2\/posts\/1516\/revisions"}],"predecessor-version":[{"id":1518,"href":"https:\/\/enfocat-terapiavisual.com\/cat\/wp-json\/wp\/v2\/posts\/1516\/revisions\/1518"}],"wp:featuredmedia":[{"embeddable":true,"href":"https:\/\/enfocat-terapiavisual.com\/cat\/wp-json\/wp\/v2\/media\/1517"}],"wp:attachment":[{"href":"https:\/\/enfocat-terapiavisual.com\/cat\/wp-json\/wp\/v2\/media?parent=1516"}],"wp:term":[{"taxonomy":"category","embeddable":true,"href":"https:\/\/enfocat-terapiavisual.com\/cat\/wp-json\/wp\/v2\/categories?post=1516"},{"taxonomy":"post_tag","embeddable":true,"href":"https:\/\/enfocat-terapiavisual.com\/cat\/wp-json\/wp\/v2\/tags?post=1516"}],"curies":[{"name":"wp","href":"https:\/\/api.w.org\/{rel}","templated":true}]}}