{"id":1520,"date":"2025-10-14T13:36:00","date_gmt":"2025-10-14T13:36:00","guid":{"rendered":"https:\/\/enfocat-terapiavisual.com\/cat\/?p=1520"},"modified":"2025-10-14T13:41:58","modified_gmt":"2025-10-14T13:41:58","slug":"estrabisme-i-ambliopia-mes-enlla-del-pegat","status":"publish","type":"post","link":"https:\/\/enfocat-terapiavisual.com\/cat\/estrabisme-i-ambliopia-mes-enlla-del-pegat\/","title":{"rendered":"Estrabisme i ambliopia: m\u00e9s enll\u00e0 del pegat"},"content":{"rendered":"\n<div style=\"height:30px\" aria-hidden=\"true\" class=\"wp-block-spacer\"><\/div>\n\n\n\n<p>L\u2019estrabisme i l\u2019ambliopia s\u00f3n dues de les condicions visuals m\u00e9s comunes a la inf\u00e0ncia i, encara que sovint s\u2019associen a l\u2019\u00fas del pegat ocular, la realitat \u00e9s que existeixen algunes alternatives terap\u00e8utiques que permeten millorar la visi\u00f3 de manera m\u00e9s efectiva i confortable. A Enfoca\u2019t, volem explicar-te en qu\u00e8 consisteixen aquestes condicions.<\/p>\n\n\n\n<div style=\"height:30px\" aria-hidden=\"true\" class=\"wp-block-spacer\"><\/div>\n\n\n\n<h2 class=\"wp-block-heading\"><strong><span style=\"text-decoration: underline;\">Qu\u00e8 s\u00f3n l\u2019estrabisme i l\u2019ambliopia?<\/span><\/strong><\/h2>\n\n\n\n<div style=\"height:30px\" aria-hidden=\"true\" class=\"wp-block-spacer\"><\/div>\n\n\n\n<p><strong><br><\/strong><strong>Estrabisme:<\/strong> \u00e9s la desalineaci\u00f3 dels ulls; \u00e9s a dir, un d\u2019ells pot desviar-se cap a dins, cap enfora, cap amunt o cap avall. Aix\u00f2 pot afectar la percepci\u00f3 de la profunditat i la visi\u00f3 binocular.<br><strong>Ambliopia:<\/strong> coneguda com a \u201cull gandul\u201d, es produeix quan un ull no es desenvolupa adequadament durant la inf\u00e0ncia. Aix\u00f2 afecta l\u2019agudesa i la qualitat de la visi\u00f3.<\/p>\n\n\n\n<div style=\"height:15px\" aria-hidden=\"true\" class=\"wp-block-spacer\"><\/div>\n\n\n\n<p>Tradicionalment, l\u2019ambliopia es tractava amb un pegat ocular, cobrint l\u2019ull \u201cbo\u201d per obligar l\u2019ull m\u00e9s d\u00e8bil a treballar. Tanmateix, avui sabem que nom\u00e9s cobrir l\u2019ull no sempre \u00e9s suficient.<\/p>\n\n\n\n<div style=\"height:15px\" aria-hidden=\"true\" class=\"wp-block-spacer\"><\/div>\n\n\n\n<p>La <strong>ter\u00e0pia visual<\/strong> \u00e9s un enfocament integral que busca entrenar els ulls de manera individual i en conjunt per millorar la coordinaci\u00f3, l\u2019agudesa i la percepci\u00f3 visual. Amb aix\u00f2 contribu\u00efm a una:<\/p>\n\n\n\n<div style=\"height:15px\" aria-hidden=\"true\" class=\"wp-block-spacer\"><\/div>\n\n\n\n<ul class=\"wp-block-list\">\n<li><strong>Millor visi\u00f3 binocular:<\/strong> tots dos ulls treballen de manera coordinada, afavorint una visi\u00f3 de m\u00e9s qualitat, m\u00e9s estable i c\u00f2moda<br><\/li>\n\n\n\n<li><strong>Reducci\u00f3 de l\u2019\u00fas del pegat:<\/strong> en molts casos, es pot disminuir o eliminar la depend\u00e8ncia del pegat tradicional<br><\/li>\n\n\n\n<li><strong>Resultats a llarg termini:<\/strong> quan es realitza de manera personalitzada i supervisada, la ter\u00e0pia visual pot millorar significativament la visi\u00f3 i prevenir problemes futurs<br><\/li>\n<\/ul>\n\n\n\n<div style=\"height:15px\" aria-hidden=\"true\" class=\"wp-block-spacer\"><\/div>\n\n\n\n<p>A Enfoca\u2019t, la ter\u00e0pia visual es duu a terme mitjan\u00e7ant exercicis espec\u00edfics i personalitzats, que poden incloure:<\/p>\n\n\n\n<div style=\"height:15px\" aria-hidden=\"true\" class=\"wp-block-spacer\"><\/div>\n\n\n\n<ul class=\"wp-block-list\">\n<li>Jocs i activitats que enforteixen la coordinaci\u00f3 ull-m\u00e0<br><\/li>\n\n\n\n<li>Exercicis d\u2019enfocament i seguiment visual<br><\/li>\n\n\n\n<li>Estimulaci\u00f3 visual per entrenar l\u2019agudesa, millorar la sensibilitat i la percepci\u00f3 de profunditat<br><\/li>\n\n\n\n<li>T\u00e8cniques per integrar tots dos ulls de manera efectiva, millorant la visi\u00f3 binocular<br><\/li>\n<\/ul>\n\n\n\n<div style=\"height:15px\" aria-hidden=\"true\" class=\"wp-block-spacer\"><\/div>\n\n\n\n<p>El tractament \u00e9s gradual, motivador i adaptat a l\u2019edat del pacient, cercant sempre la m\u00e0xima comoditat i adher\u00e8ncia.<\/p>\n\n\n\n<div style=\"height:30px\" aria-hidden=\"true\" class=\"wp-block-spacer\"><\/div>\n\n\n\n<h2 class=\"wp-block-heading\"><strong><span style=\"text-decoration: underline;\">Quan acudir a un especialista<br><\/span><\/strong><\/h2>\n\n\n\n<div style=\"height:30px\" aria-hidden=\"true\" class=\"wp-block-spacer\"><\/div>\n\n\n\n<p>\u00c9s important consultar amb un optometrista especialitzat en ter\u00e0pia visual davant de qualsevol signe d\u2019estrabisme o ambliopia, com ara:<\/p>\n\n\n\n<div style=\"height:15px\" aria-hidden=\"true\" class=\"wp-block-spacer\"><\/div>\n\n\n\n<ul class=\"wp-block-list\">\n<li>Ulls que es creuen o es desvien constantment<br><\/li>\n\n\n\n<li>Parpelleig excessiu, clucs d\u2019ull o arrufament del front en mirar de lluny<br><\/li>\n\n\n\n<li>Tancar de vegades un dels ulls<br><\/li>\n\n\n\n<li>Dificultat per llegir o seguir objectes en moviment<br><\/li>\n\n\n\n<li>Queixes freq\u00fcents de fatiga ocular o mal de cap en infants<br><\/li>\n<\/ul>\n\n\n\n<div style=\"height:15px\" aria-hidden=\"true\" class=\"wp-block-spacer\"><\/div>\n\n\n\n<p>Una detecci\u00f3 preco\u00e7 augmenta significativament l\u2019efectivitat de la ter\u00e0pia i la capacitat de millora de la visi\u00f3 a llarg termini.<\/p>\n\n\n\n<div style=\"height:15px\" aria-hidden=\"true\" class=\"wp-block-spacer\"><\/div>\n\n\n\n<p>A Enfoca\u2019t, combinem tecnologia i experi\u00e8ncia professional per oferir plans de tractament individualitzats que ajuden cada pacient a enfortir el seu sistema visual.<\/p>\n\n\n\n<div style=\"height:15px\" aria-hidden=\"true\" class=\"wp-block-spacer\"><\/div>\n\n\n\n<p>Sol\u00b7licita cita i descobreix com la ter\u00e0pia visual pot transformar la visi\u00f3 dels teus fills o de qualsevol pacient amb dificultats visuals.<\/p>\n\n\n\n<div style=\"height:15px\" aria-hidden=\"true\" class=\"wp-block-spacer\"><\/div>\n\n\n\n<p>Visita\u2019ns a Carrer de Vilamar\u00ed, 26 \u2013 Sant Antoni, Barcelona.<\/p>\n\n\n\n<div style=\"height:30px\" aria-hidden=\"true\" class=\"wp-block-spacer\"><\/div>\n","protected":false},"excerpt":{"rendered":"<p>L\u2019estrabisme i l\u2019ambliopia s\u00f3n dues de les condicions visuals m\u00e9s comunes a la inf\u00e0ncia i, encara que sovint s\u2019associen a l\u2019\u00fas del pegat ocular, la realitat \u00e9s que existeixen algunes alternatives terap\u00e8utiques que permeten millorar la visi\u00f3 de manera m\u00e9s efectiva i confortable. A Enfoca\u2019t, volem explicar-te en qu\u00e8 consisteixen aquestes condicions. Qu\u00e8 s\u00f3n l\u2019estrabisme [&hellip;]<\/p>\n","protected":false},"author":2,"featured_media":1521,"comment_status":"closed","ping_status":"open","sticky":false,"template":"","format":"standard","meta":{"inline_featured_image":false,"editor_notices":[],"_joinchat":[],"footnotes":""},"categories":[19],"tags":[],"class_list":["post-1520","post","type-post","status-publish","format-standard","has-post-thumbnail","hentry","category-salud-visual"],"_links":{"self":[{"href":"https:\/\/enfocat-terapiavisual.com\/cat\/wp-json\/wp\/v2\/posts\/1520","targetHints":{"allow":["GET"]}}],"collection":[{"href":"https:\/\/enfocat-terapiavisual.com\/cat\/wp-json\/wp\/v2\/posts"}],"about":[{"href":"https:\/\/enfocat-terapiavisual.com\/cat\/wp-json\/wp\/v2\/types\/post"}],"author":[{"embeddable":true,"href":"https:\/\/enfocat-terapiavisual.com\/cat\/wp-json\/wp\/v2\/users\/2"}],"replies":[{"embeddable":true,"href":"https:\/\/enfocat-terapiavisual.com\/cat\/wp-json\/wp\/v2\/comments?post=1520"}],"version-history":[{"count":2,"href":"https:\/\/enfocat-terapiavisual.com\/cat\/wp-json\/wp\/v2\/posts\/1520\/revisions"}],"predecessor-version":[{"id":1523,"href":"https:\/\/enfocat-terapiavisual.com\/cat\/wp-json\/wp\/v2\/posts\/1520\/revisions\/1523"}],"wp:featuredmedia":[{"embeddable":true,"href":"https:\/\/enfocat-terapiavisual.com\/cat\/wp-json\/wp\/v2\/media\/1521"}],"wp:attachment":[{"href":"https:\/\/enfocat-terapiavisual.com\/cat\/wp-json\/wp\/v2\/media?parent=1520"}],"wp:term":[{"taxonomy":"category","embeddable":true,"href":"https:\/\/enfocat-terapiavisual.com\/cat\/wp-json\/wp\/v2\/categories?post=1520"},{"taxonomy":"post_tag","embeddable":true,"href":"https:\/\/enfocat-terapiavisual.com\/cat\/wp-json\/wp\/v2\/tags?post=1520"}],"curies":[{"name":"wp","href":"https:\/\/api.w.org\/{rel}","templated":true}]}}