{"id":1524,"date":"2025-11-20T14:57:43","date_gmt":"2025-11-20T14:57:43","guid":{"rendered":"https:\/\/enfocat-terapiavisual.com\/cat\/?p=1524"},"modified":"2025-11-20T14:57:45","modified_gmt":"2025-11-20T14:57:45","slug":"terapia-visual-i-neuroplasticitat-com-canvia-el-cervell-quan-veiem-millor","status":"publish","type":"post","link":"https:\/\/enfocat-terapiavisual.com\/cat\/terapia-visual-i-neuroplasticitat-com-canvia-el-cervell-quan-veiem-millor\/","title":{"rendered":"Ter\u00e0pia visual i neuroplasticitat: com canvia el cervell quan veiem millor"},"content":{"rendered":"\n<div style=\"height:30px\" aria-hidden=\"true\" class=\"wp-block-spacer\"><\/div>\n\n\n\n<p>Sabem que veure-hi b\u00e9 va molt m\u00e9s enll\u00e0 de tenir una bona agudesa visual. Per\u00f2 el que moltes persones desconeixen \u00e9s que, quan entrenem les habilitats visuals, tamb\u00e9 estem activant el cervell i generant canvis reals en el seu funcionament. Aix\u00f2 \u00e9s possible gr\u00e0cies a la neuroplasticitat.<\/p>\n\n\n\n<div style=\"height:30px\" aria-hidden=\"true\" class=\"wp-block-spacer\"><\/div>\n\n\n\n<h2 class=\"wp-block-heading\"><strong><span style=\"text-decoration: underline;\">Qu\u00e8 \u00e9s la neuroplasticitat?<\/span><\/strong><\/h2>\n\n\n\n<div style=\"height:30px\" aria-hidden=\"true\" class=\"wp-block-spacer\"><\/div>\n\n\n\n<p>La neuroplasticitat \u00e9s la capacitat del cervell de reorganitzar la seva estructura i funci\u00f3 en resposta a les experi\u00e8ncies i, aix\u00ed, formar noves connexions neuronals al llarg de la vida. Aquesta propietat permet millorar funcions sensorials i cognitives\u2026 inclosa la visi\u00f3.<\/p>\n\n\n\n<div style=\"height:30px\" aria-hidden=\"true\" class=\"wp-block-spacer\"><\/div>\n\n\n\n<h2 class=\"wp-block-heading\"><strong><span style=\"text-decoration: underline;\">Com es relaciona la visi\u00f3 amb el cervell?<\/span><\/strong><\/h2>\n\n\n\n<div style=\"height:30px\" aria-hidden=\"true\" class=\"wp-block-spacer\"><\/div>\n\n\n\n<p>Bona part del processament visual es duu a terme al cervell. De fet, m\u00e9s del 60 % de les \u00e0rees cerebrals estan implicades directament o indirectament en les funcions visuals.<\/p>\n\n\n\n<p>Per exemple, quan un infant t\u00e9 problemes de coordinaci\u00f3 ocular o de percepci\u00f3 visual, pot ser que el seu cervell no estigui rebent o interpretant correctament la informaci\u00f3 visual, cosa que afecta la lectura, l\u2019atenci\u00f3, l\u2019equilibri i tamb\u00e9 l\u2019aprenentatge.<\/p>\n\n\n\n<div style=\"height:30px\" aria-hidden=\"true\" class=\"wp-block-spacer\"><\/div>\n\n\n\n<h2 class=\"wp-block-heading\"><strong><span style=\"text-decoration: underline;\">Qu\u00e8 fa la ter\u00e0pia visual?<\/span><\/strong><\/h2>\n\n\n\n<div style=\"height:30px\" aria-hidden=\"true\" class=\"wp-block-spacer\"><\/div>\n\n\n\n<p>La ter\u00e0pia visual estimula el sistema visual de manera estructurada, mitjan\u00e7ant exercicis personalitzats que activen rutes neuronals espec\u00edfiques. Amb cada sessi\u00f3, el cervell apr\u00e8n noves maneres de processar la informaci\u00f3 visual, generant connexions m\u00e9s eficients i duradores.<\/p>\n\n\n\n<p>Aquest entrenament millora el rendiment visual i t\u00e9 tamb\u00e9 un impacte positiu en altres funcions cognitives.<\/p>\n\n\n\n<div style=\"height:30px\" aria-hidden=\"true\" class=\"wp-block-spacer\"><\/div>\n\n\n\n<h2 class=\"wp-block-heading\"><strong><span style=\"text-decoration: underline;\">Un canvi que es nota<\/span><\/strong><\/h2>\n\n\n\n<div style=\"height:30px\" aria-hidden=\"true\" class=\"wp-block-spacer\"><\/div>\n\n\n\n<p>Quan treballem amb pacients a Enfoca\u2019t, no nom\u00e9s busquem que vegin m\u00e9s n\u00edtid, sin\u00f3 que facin servir la seva visi\u00f3 de manera m\u00e9s efica\u00e7. Amb el temps, molts d\u2019ells experimenten millores que van m\u00e9s enll\u00e0 del camp visual: m\u00e9s confian\u00e7a, menys esfor\u00e7, millors resultats escolars o m\u00e9s benestar en el dia a dia.<\/p>\n\n\n\n<p>I tot aix\u00f2 \u00e9s possible gr\u00e0cies a la capacitat del cervell d\u2019adaptar-se i millorar quan se li ofereix l\u2019est\u00edmul adequat.<\/p>\n\n\n\n<div style=\"height:30px\" aria-hidden=\"true\" class=\"wp-block-spacer\"><\/div>\n\n\n\n<h2 class=\"wp-block-heading\"><strong><span style=\"text-decoration: underline;\">A Enfoca\u2019t entrenem la teva visi\u00f3 i activem el teu cervell<\/span><\/strong><\/h2>\n\n\n\n<div style=\"height:30px\" aria-hidden=\"true\" class=\"wp-block-spacer\"><\/div>\n\n\n\n<p>Al nostre centre de ter\u00e0pia visual a Barcelona dissenyem programes d\u2019entrenament visual adaptats a cada persona. Perqu\u00e8 cada cervell \u00e9s diferent, i cada visi\u00f3 tamb\u00e9 ho \u00e9s.<\/p>\n\n\n\n<p>Vine a visitar-nos al carrer de Vilamar\u00ed, 26 \u2013 Sant Antoni, Barcelona.<\/p>\n\n\n\n<div style=\"height:30px\" aria-hidden=\"true\" class=\"wp-block-spacer\"><\/div>\n","protected":false},"excerpt":{"rendered":"<p>Sabem que veure-hi b\u00e9 va molt m\u00e9s enll\u00e0 de tenir una bona agudesa visual. Per\u00f2 el que moltes persones desconeixen \u00e9s que, quan entrenem les habilitats visuals, tamb\u00e9 estem activant el cervell i generant canvis reals en el seu funcionament. Aix\u00f2 \u00e9s possible gr\u00e0cies a la neuroplasticitat. Qu\u00e8 \u00e9s la neuroplasticitat? La neuroplasticitat \u00e9s la [&hellip;]<\/p>\n","protected":false},"author":2,"featured_media":1525,"comment_status":"closed","ping_status":"open","sticky":false,"template":"","format":"standard","meta":{"inline_featured_image":false,"editor_notices":[],"_joinchat":[],"footnotes":""},"categories":[12],"tags":[],"class_list":["post-1524","post","type-post","status-publish","format-standard","has-post-thumbnail","hentry","category-terapia-visual"],"_links":{"self":[{"href":"https:\/\/enfocat-terapiavisual.com\/cat\/wp-json\/wp\/v2\/posts\/1524","targetHints":{"allow":["GET"]}}],"collection":[{"href":"https:\/\/enfocat-terapiavisual.com\/cat\/wp-json\/wp\/v2\/posts"}],"about":[{"href":"https:\/\/enfocat-terapiavisual.com\/cat\/wp-json\/wp\/v2\/types\/post"}],"author":[{"embeddable":true,"href":"https:\/\/enfocat-terapiavisual.com\/cat\/wp-json\/wp\/v2\/users\/2"}],"replies":[{"embeddable":true,"href":"https:\/\/enfocat-terapiavisual.com\/cat\/wp-json\/wp\/v2\/comments?post=1524"}],"version-history":[{"count":1,"href":"https:\/\/enfocat-terapiavisual.com\/cat\/wp-json\/wp\/v2\/posts\/1524\/revisions"}],"predecessor-version":[{"id":1526,"href":"https:\/\/enfocat-terapiavisual.com\/cat\/wp-json\/wp\/v2\/posts\/1524\/revisions\/1526"}],"wp:featuredmedia":[{"embeddable":true,"href":"https:\/\/enfocat-terapiavisual.com\/cat\/wp-json\/wp\/v2\/media\/1525"}],"wp:attachment":[{"href":"https:\/\/enfocat-terapiavisual.com\/cat\/wp-json\/wp\/v2\/media?parent=1524"}],"wp:term":[{"taxonomy":"category","embeddable":true,"href":"https:\/\/enfocat-terapiavisual.com\/cat\/wp-json\/wp\/v2\/categories?post=1524"},{"taxonomy":"post_tag","embeddable":true,"href":"https:\/\/enfocat-terapiavisual.com\/cat\/wp-json\/wp\/v2\/tags?post=1524"}],"curies":[{"name":"wp","href":"https:\/\/api.w.org\/{rel}","templated":true}]}}